{"id":1405,"date":"2026-09-03T02:20:44","date_gmt":"2026-09-03T02:20:44","guid":{"rendered":"https:\/\/consensodebrasilia.org\/?p=1405"},"modified":"2026-09-03T02:21:13","modified_gmt":"2026-09-03T02:21:13","slug":"uruguay-asumio-presidencia-rotativa-del-consenso-de-brasilia","status":"publish","type":"post","link":"https:\/\/consensodebrasilia.org\/en\/uruguay-asumio-presidencia-rotativa-del-consenso-de-brasilia\/","title":{"rendered":"Uruguay asumi\u00f3 presidencia rotativa del Consenso de Brasilia"},"content":{"rendered":"<p>En el marco de una reuni\u00f3n bilateral entre el presidente del Uruguay Yamand\u00fa Orsi, y su par de Ecuador, Daniel Noboa, Uruguay recibi\u00f3 la presidencia rotativa del Consenso de Brasilia, un mecanismo de concertaci\u00f3n para la integraci\u00f3n conformado por 12 pa\u00edses de Am\u00e9rica del Sur.<\/p>\n<p>El ministro de Relaciones Exteriores, Mario Lubetkin, se\u00f1al\u00f3 que Uruguay reafirma su compromiso con la integraci\u00f3n regional, a trav\u00e9s del di\u00e1logo constructivo, y adelant\u00f3 que durante la presidencia promover\u00e1 entendimientos, oportunidades de cooperaci\u00f3n y el respeto a la diversidad de las naciones sudamericanas.<\/p>\n<p>La presidencia uruguaya mantendr\u00e1 un enfoque t\u00e9cnico, flexible y pragm\u00e1tico en la conducci\u00f3n del proceso, asegur\u00f3. Adem\u00e1s de dar continuidad a lo realizado por las presidencias anteriores, se enfatizar\u00e1 en los m\u00e9todos de trabajo, dijo.<\/p>\n<p>Uruguay propondr\u00e1 abordar algunos de los ejes tem\u00e1ticos de manera transversal, particularmente, aquellos referidos a integraci\u00f3n productiva, comercio e inversiones, desarrollo social, seguridad alimentaria, educaci\u00f3n, cooperaci\u00f3n transfronteriza y migraci\u00f3n.<\/p>\n<p>Tambi\u00e9n buscar\u00e1 profundizar la discusi\u00f3n sobre asuntos que generan un amplio inter\u00e9s entre los pa\u00edses, como el combate al crimen organizado transnacional, la energ\u00eda, la gesti\u00f3n de riesgos y desastres, y la infraestructura y el transporte.<\/p>\n<p>\u201cAm\u00e9rica del Sur precisa de un espacio inclusivo y org\u00e1nico de di\u00e1logo, de consulta y de coordinaci\u00f3n entre sus estados. Ese espacio es, hoy, el Consenso de Brasilia\u201d, se\u00f1al\u00f3.<\/p>\n<p>En la actividad participaron la ministra de Relaciones Exteriores y Movilidad Humana de Ecuador, Gabriela Sommerfeld, y los jefes de misi\u00f3n de los pa\u00edses integrantes del Consenso de Brasilia.<\/p>","protected":false},"excerpt":{"rendered":"<p>En el marco de una reuni\u00f3n bilateral entre el presidente del Uruguay Yamand\u00fa Orsi, y su par de Ecuador, Daniel Noboa, Uruguay recibi\u00f3 la presidencia rotativa del Consenso de Brasilia, un mecanismo de concertaci\u00f3n para la integraci\u00f3n conformado por 12 pa\u00edses de Am\u00e9rica del Sur. El ministro de Relaciones Exteriores, Mario Lubetkin, se\u00f1al\u00f3 que Uruguay [&hellip;]<\/p>\n","protected":false},"author":1,"featured_media":1401,"comment_status":"open","ping_status":"open","sticky":false,"template":"","format":"standard","meta":{"footnotes":""},"categories":[14],"tags":[],"class_list":["post-1405","post","type-post","status-publish","format-standard","has-post-thumbnail","hentry","category-noticias"],"_links":{"self":[{"href":"https:\/\/consensodebrasilia.org\/en\/wp-json\/wp\/v2\/posts\/1405","targetHints":{"allow":["GET"]}}],"collection":[{"href":"https:\/\/consensodebrasilia.org\/en\/wp-json\/wp\/v2\/posts"}],"about":[{"href":"https:\/\/consensodebrasilia.org\/en\/wp-json\/wp\/v2\/types\/post"}],"author":[{"embeddable":true,"href":"https:\/\/consensodebrasilia.org\/en\/wp-json\/wp\/v2\/users\/1"}],"replies":[{"embeddable":true,"href":"https:\/\/consensodebrasilia.org\/en\/wp-json\/wp\/v2\/comments?post=1405"}],"version-history":[{"count":2,"href":"https:\/\/consensodebrasilia.org\/en\/wp-json\/wp\/v2\/posts\/1405\/revisions"}],"predecessor-version":[{"id":1407,"href":"https:\/\/consensodebrasilia.org\/en\/wp-json\/wp\/v2\/posts\/1405\/revisions\/1407"}],"wp:featuredmedia":[{"embeddable":true,"href":"https:\/\/consensodebrasilia.org\/en\/wp-json\/wp\/v2\/media\/1401"}],"wp:attachment":[{"href":"https:\/\/consensodebrasilia.org\/en\/wp-json\/wp\/v2\/media?parent=1405"}],"wp:term":[{"taxonomy":"category","embeddable":true,"href":"https:\/\/consensodebrasilia.org\/en\/wp-json\/wp\/v2\/categories?post=1405"},{"taxonomy":"post_tag","embeddable":true,"href":"https:\/\/consensodebrasilia.org\/en\/wp-json\/wp\/v2\/tags?post=1405"}],"curies":[{"name":"wp","href":"https:\/\/api.w.org\/{rel}","templated":true}]}}