{"id":1409,"date":"2026-09-03T02:22:50","date_gmt":"2026-09-03T02:22:50","guid":{"rendered":"https:\/\/consensodebrasilia.org\/?p=1409"},"modified":"2026-09-03T02:23:03","modified_gmt":"2026-09-03T02:23:03","slug":"lanzamiento-de-la-presidencia-rotativa-de-uruguay-y-1ra-reunion-de-los-coordinadores-nacionales-del-consenso-de-brasilia","status":"publish","type":"post","link":"https:\/\/consensodebrasilia.org\/en\/lanzamiento-de-la-presidencia-rotativa-de-uruguay-y-1ra-reunion-de-los-coordinadores-nacionales-del-consenso-de-brasilia\/","title":{"rendered":"Lanzamiento de la Presidencia Rotativa de Uruguay y 1ra. reuni\u00f3n de los Coordinadores Nacionales del Consenso de Brasilia"},"content":{"rendered":"<p>Organizado por el Ministerio de Relaciones Exteriores de Uruguay y las instituciones que integran el Foro \u201cIntegraci\u00f3n y Solidaridad Regional\u201d, tuvo lugar, el 9 de setiembre en Montevideo, el lanzamiento de la presidencia rotativa de Uruguay del Consenso de Brasilia.<\/p>\n<p>El evento, celebrado en la sede de CAF \u2013 Banco de Desarrollo de Am\u00e9rica Latina y el Caribe, reuni\u00f3 \u2013por primera vez de manera presencial- a los Coordinadores Nacionales del Consenso de Brasilia de las canciller\u00edas de Uruguay, Argentina, Bolivia, Brasil, Chile, Colombia, Ecuador, Paraguay, Per\u00fa, y Surinam, y de Venezuela que particip\u00f3 de manera virtual. A ellos se sumaron representantes de las instituciones que promueven el Foro \u201cIntegraci\u00f3n y Solidaridad Regional\u201d (CEFIR \u2013 Centro de Formaci\u00f3n para la Integraci\u00f3n Regional, ALADI \u2013 Asociaci\u00f3n Latinoamericana de Integraci\u00f3n, CAF \u2013 Banco de Desarrollo de Am\u00e9rica Latina y el Caribe, OEI \u2013 Organizaci\u00f3n de Estados Iberoamericanos, y OLADE \u2013 Organizaci\u00f3n Latinoamericana de Energ\u00eda); y de otras entidades regionales como la Confederaci\u00f3n Sindical de las Am\u00e9ricas \u2013 CSA -, Mercociudades y Asociaci\u00f3n de Universidades Grupo Montevideo \u2013 AUGM -.<\/p>\n<p>La actividad tuvo como objetivo presentar y discutir la propuesta de plan de trabajo para la presidencia rotativa de Uruguay del Consenso, recibida el pasado mes de agosto cuando la visita a nuestro pa\u00eds del presidente de Ecuador, Daniel Noboa, y que se extender\u00e1 hasta el inicio de la presidencia pro tempore uruguaya de la Comunidad de Estados Latinoamericanos y Caribe\u00f1os \u2013 CELAC \u2013 hacia el mes de marzo del pr\u00f3ximo a\u00f1o.<\/p>\n<p>El ministro de Relaciones Exteriores de Uruguay, Mario Lubetkin, inaugur\u00f3 la reuni\u00f3n, y le siguieron las intervenciones de Sergio D\u00edaz-Granados, presidente ejecutivo de CAF \u2013 Banco de Desarrollo de Am\u00e9rica Latina y el Caribe y de \u00c1lvaro Padr\u00f3n, secretario ejecutivo del CEFIR. A continuaci\u00f3n el representante de Ecuador realiz\u00f3 un balance de la presidencia rotativa del Consenso de Brasilia que su pa\u00eds ejerciera entre febrero y agosto pasado, a lo que sigui\u00f3 la presentaci\u00f3n de las l\u00edneas directrices del plan de trabajo para la presidencia uruguaya.<\/p>\n<p>Dicho plan fue presentado por Mart\u00edn Vidal, director de Asuntos Pol\u00edticos de la Canciller\u00eda, abri\u00e9ndose luego el di\u00e1logo para comentarios, sugerencias y preguntas de los restantes Coordinadores Nacionales. El debate se cerr\u00f3 con el acuerdo de una agenda para la recepci\u00f3n por Uruguay de los aportes de los restantes pa\u00edses miembros del Consenso, y el anuncio de la devoluci\u00f3n de un texto final por parte de la presidencia rotativa.<\/p>\n<p>Finalmente, las instituciones que promueven el Foro \u201cIntegraci\u00f3n Regional y Solidaridad\u201d invitaron a los asistentes a un homenaje al extinto presidente de Uruguay Jos\u00e9 Pepe Mujica y a su legado para la regi\u00f3n en el que intervinieron Luc\u00eda Topolansky, ex vicepresidenta de Uruguay; Enrique Iglesias, ex presidente del Banco Interamericano de Desarrollo \u2013 BID -; Sergio D\u00edaz-Granados, presidente ejecutivo de CAF \u2013 Banco de Desarrollo de Am\u00e9rica Latina y el Caribe; Ernesto Samper, ex presidente de Colombia; Rafael Freire, secretario general de la Confederaci\u00f3n Sindical de trabajadores y trabajadoras de las Am\u00e9ricas \u2013 CSA-TUCA -; y Alberto Volont\u00e9, presidente de CEFIR.<\/p>","protected":false},"excerpt":{"rendered":"<p>Organizado por el Ministerio de Relaciones Exteriores de Uruguay y las instituciones que integran el Foro \u201cIntegraci\u00f3n y Solidaridad Regional\u201d, tuvo lugar, el 9 de setiembre en Montevideo, el lanzamiento de la presidencia rotativa de Uruguay del Consenso de Brasilia. El evento, celebrado en la sede de CAF \u2013 Banco de Desarrollo de Am\u00e9rica Latina [&hellip;]<\/p>\n","protected":false},"author":1,"featured_media":1400,"comment_status":"open","ping_status":"open","sticky":false,"template":"","format":"standard","meta":{"footnotes":""},"categories":[14],"tags":[],"class_list":["post-1409","post","type-post","status-publish","format-standard","has-post-thumbnail","hentry","category-noticias"],"_links":{"self":[{"href":"https:\/\/consensodebrasilia.org\/en\/wp-json\/wp\/v2\/posts\/1409","targetHints":{"allow":["GET"]}}],"collection":[{"href":"https:\/\/consensodebrasilia.org\/en\/wp-json\/wp\/v2\/posts"}],"about":[{"href":"https:\/\/consensodebrasilia.org\/en\/wp-json\/wp\/v2\/types\/post"}],"author":[{"embeddable":true,"href":"https:\/\/consensodebrasilia.org\/en\/wp-json\/wp\/v2\/users\/1"}],"replies":[{"embeddable":true,"href":"https:\/\/consensodebrasilia.org\/en\/wp-json\/wp\/v2\/comments?post=1409"}],"version-history":[{"count":1,"href":"https:\/\/consensodebrasilia.org\/en\/wp-json\/wp\/v2\/posts\/1409\/revisions"}],"predecessor-version":[{"id":1410,"href":"https:\/\/consensodebrasilia.org\/en\/wp-json\/wp\/v2\/posts\/1409\/revisions\/1410"}],"wp:featuredmedia":[{"embeddable":true,"href":"https:\/\/consensodebrasilia.org\/en\/wp-json\/wp\/v2\/media\/1400"}],"wp:attachment":[{"href":"https:\/\/consensodebrasilia.org\/en\/wp-json\/wp\/v2\/media?parent=1409"}],"wp:term":[{"taxonomy":"category","embeddable":true,"href":"https:\/\/consensodebrasilia.org\/en\/wp-json\/wp\/v2\/categories?post=1409"},{"taxonomy":"post_tag","embeddable":true,"href":"https:\/\/consensodebrasilia.org\/en\/wp-json\/wp\/v2\/tags?post=1409"}],"curies":[{"name":"wp","href":"https:\/\/api.w.org\/{rel}","templated":true}]}}