{"id":1411,"date":"2026-09-03T02:23:58","date_gmt":"2026-09-03T02:23:58","guid":{"rendered":"https:\/\/consensodebrasilia.org\/?p=1411"},"modified":"2026-09-03T02:23:58","modified_gmt":"2026-09-03T02:23:58","slug":"dialogo-de-los-coordinadores-nacionales-del-consenso-de-brasilia-con-organismos-que-trabajan-por-la-integracion-regional","status":"publish","type":"post","link":"https:\/\/consensodebrasilia.org\/en\/dialogo-de-los-coordinadores-nacionales-del-consenso-de-brasilia-con-organismos-que-trabajan-por-la-integracion-regional\/","title":{"rendered":"Di\u00e1logo de los Coordinadores Nacionales del Consenso de Brasilia con organismos que trabajan por la integraci\u00f3n regional"},"content":{"rendered":"<p>En el marco de su reuni\u00f3n presencial, celebrada en Montevideo el 9 de setiembre de 2025, los Coordinadores Nacionales dialogaron con representantes de las instituciones que promueven el Foro \u201cIntegraci\u00f3n y Solidaridad Regional\u201d (CEFIR, ALADI, CAF, OEI y OLADE) sobre las posibilidades de apoyo, cooperaci\u00f3n, articulaci\u00f3n y sinergias de estas instituciones con los trabajos del Consenso de Brasilia.<\/p>\n<p>Fue esta tambi\u00e9n la primera vez en que pudo entablarse un intercambio directo de los Coordinadores Nacionales con esta alianza de instituciones, de car\u00e1cter regional y con larga trayectoria en \u00e1reas como el comercio, la formaci\u00f3n, la formulaci\u00f3n de propuestas, el financiamiento del desarrollo, le educaci\u00f3n, la energ\u00eda, etc., para apoyar de manera pragm\u00e1tica y flexible los esfuerzos del Consenso de Brasilia por la integraci\u00f3n suramericana.D<\/p>","protected":false},"excerpt":{"rendered":"<p>En el marco de su reuni\u00f3n presencial, celebrada en Montevideo el 9 de setiembre de 2025, los Coordinadores Nacionales dialogaron con representantes de las instituciones que promueven el Foro \u201cIntegraci\u00f3n y Solidaridad Regional\u201d (CEFIR, ALADI, CAF, OEI y OLADE) sobre las posibilidades de apoyo, cooperaci\u00f3n, articulaci\u00f3n y sinergias de estas instituciones con los trabajos del [&hellip;]<\/p>\n","protected":false},"author":1,"featured_media":1399,"comment_status":"open","ping_status":"open","sticky":false,"template":"","format":"standard","meta":{"footnotes":""},"categories":[14],"tags":[],"class_list":["post-1411","post","type-post","status-publish","format-standard","has-post-thumbnail","hentry","category-noticias"],"_links":{"self":[{"href":"https:\/\/consensodebrasilia.org\/en\/wp-json\/wp\/v2\/posts\/1411","targetHints":{"allow":["GET"]}}],"collection":[{"href":"https:\/\/consensodebrasilia.org\/en\/wp-json\/wp\/v2\/posts"}],"about":[{"href":"https:\/\/consensodebrasilia.org\/en\/wp-json\/wp\/v2\/types\/post"}],"author":[{"embeddable":true,"href":"https:\/\/consensodebrasilia.org\/en\/wp-json\/wp\/v2\/users\/1"}],"replies":[{"embeddable":true,"href":"https:\/\/consensodebrasilia.org\/en\/wp-json\/wp\/v2\/comments?post=1411"}],"version-history":[{"count":1,"href":"https:\/\/consensodebrasilia.org\/en\/wp-json\/wp\/v2\/posts\/1411\/revisions"}],"predecessor-version":[{"id":1412,"href":"https:\/\/consensodebrasilia.org\/en\/wp-json\/wp\/v2\/posts\/1411\/revisions\/1412"}],"wp:featuredmedia":[{"embeddable":true,"href":"https:\/\/consensodebrasilia.org\/en\/wp-json\/wp\/v2\/media\/1399"}],"wp:attachment":[{"href":"https:\/\/consensodebrasilia.org\/en\/wp-json\/wp\/v2\/media?parent=1411"}],"wp:term":[{"taxonomy":"category","embeddable":true,"href":"https:\/\/consensodebrasilia.org\/en\/wp-json\/wp\/v2\/categories?post=1411"},{"taxonomy":"post_tag","embeddable":true,"href":"https:\/\/consensodebrasilia.org\/en\/wp-json\/wp\/v2\/tags?post=1411"}],"curies":[{"name":"wp","href":"https:\/\/api.w.org\/{rel}","templated":true}]}}