{"id":1417,"date":"2026-09-03T02:26:10","date_gmt":"2026-09-03T02:26:10","guid":{"rendered":"https:\/\/consensodebrasilia.org\/?p=1417"},"modified":"2026-09-03T02:26:10","modified_gmt":"2026-09-03T02:26:10","slug":"sesion-de-trabajo-con-lideres-empresariales-para-presentar-el-consenso-de-brasilia","status":"publish","type":"post","link":"https:\/\/consensodebrasilia.org\/en\/sesion-de-trabajo-con-lideres-empresariales-para-presentar-el-consenso-de-brasilia\/","title":{"rendered":"Sesi\u00f3n de trabajo con l\u00edderes empresariales para presentar el Consenso de Brasilia"},"content":{"rendered":"<p>En el marco del Foro Econ\u00f3mico Internacional Am\u00e9rica Latina y el Caribe 2026, organizado por el Banco de Desarrollo de Am\u00e9rica Latina y el Caribe -CAF- en la Ciudad de Panam\u00e1, tuvo lugar, el\u00a0 29 de enero de 2026, una sesi\u00f3n de trabajo con l\u00edderes empresariales de la regi\u00f3n para presentar el Consenso de Brasilia.<\/p>\n<p>Previamente, el Presidente de CAF, Sergio D\u00edaz-Granados, afirm\u00f3 que nuestra regi\u00f3n \u00abes un actor clave\u00bb para \u00e1reas centrales como \u00abla seguridad alimentaria, la transici\u00f3n energ\u00e9tica, la conservaci\u00f3n de ecosistemas y la lucha contra el cambio clim\u00e1tico\u00bb, y que por eso se vuelve necesario que \u00abAm\u00e9rica Latina y el Caribe genere nuevos espacios de reflexi\u00f3n que la ayuden a alinear posturas, sumar protagonismo geopol\u00edtico y convertirse en una regi\u00f3n con voz propia para aportar soluciones concretas\u00bb.<\/p>\n<p>En este marco y en un contexto de creciente fragmentaci\u00f3n global y desaf\u00edos econ\u00f3micos compartidos, el Consenso de Brasilia emerge como una iniciativa central de di\u00e1logo pol\u00edtico de alto nivel que requiere el acompa\u00f1amiento activo del sector privado para materializar sus objetivos.<\/p>\n<p>Por ello se celebr\u00f3 una sesi\u00f3n de trabajo para presentar los fundamentos del Consenso de Brasilia ante l\u00edderes empresariales de la regi\u00f3n y convocar a la conformaci\u00f3n de una Red de Empresarios por la Integraci\u00f3n Regional que act\u00fae como contraparte del sector privado en esta agenda estrat\u00e9gica. CAF, como banco de desarrollo regional, junto con ALADI ,CEFIR y OEI como instituciones multilaterales especializadas en integraci\u00f3n y cooperaci\u00f3n iberoamericana, y con el respaldo pol\u00edtico de las canciller\u00edas de Uruguay y Brasil, est\u00e1n en condiciones de facilitar este espacio de di\u00e1logo y acci\u00f3n empresarial.<\/p>\n<p>La instancia de di\u00e1logo cont\u00f3 con la palabra del presidente de CAF, Sergio D\u00edaz-Granados; de \u00c1lvaro Padr\u00f3n, Coordinador del Foro Iniciativa Mujica y Secretario Ejecutivo CEFIR; de la Embajadora Daniela Benjamin, Coordinadora del Consenso de Brasilia por la Canciller\u00eda de la Rep\u00fablica Federativa de Brasil; y del Embajador Mart\u00edn Vidal, Director general para asuntos pol\u00edticos de la Canciller\u00eda de la Rep\u00fablica Oriental del Uruguay.<\/p>\n<p>Luego de un intercambio entre los participantes, el encuentro cerr\u00f3 con la participaci\u00f3n de Christian Asinelli, Vicepresidente Corporativo de CAF; del Embajador Sergio Abreu, Secretario General de -ALADI-; y de Mariano Jabonero, Secretario General de OEI.<\/p>","protected":false},"excerpt":{"rendered":"<p>En el marco del Foro Econ\u00f3mico Internacional Am\u00e9rica Latina y el Caribe 2026, organizado por el Banco de Desarrollo de Am\u00e9rica Latina y el Caribe -CAF- en la Ciudad de Panam\u00e1, tuvo lugar, el\u00a0 29 de enero de 2026, una sesi\u00f3n de trabajo con l\u00edderes empresariales de la regi\u00f3n para presentar el Consenso de Brasilia. [&hellip;]<\/p>\n","protected":false},"author":1,"featured_media":1396,"comment_status":"open","ping_status":"open","sticky":false,"template":"","format":"standard","meta":{"footnotes":""},"categories":[14],"tags":[],"class_list":["post-1417","post","type-post","status-publish","format-standard","has-post-thumbnail","hentry","category-noticias"],"_links":{"self":[{"href":"https:\/\/consensodebrasilia.org\/en\/wp-json\/wp\/v2\/posts\/1417","targetHints":{"allow":["GET"]}}],"collection":[{"href":"https:\/\/consensodebrasilia.org\/en\/wp-json\/wp\/v2\/posts"}],"about":[{"href":"https:\/\/consensodebrasilia.org\/en\/wp-json\/wp\/v2\/types\/post"}],"author":[{"embeddable":true,"href":"https:\/\/consensodebrasilia.org\/en\/wp-json\/wp\/v2\/users\/1"}],"replies":[{"embeddable":true,"href":"https:\/\/consensodebrasilia.org\/en\/wp-json\/wp\/v2\/comments?post=1417"}],"version-history":[{"count":1,"href":"https:\/\/consensodebrasilia.org\/en\/wp-json\/wp\/v2\/posts\/1417\/revisions"}],"predecessor-version":[{"id":1418,"href":"https:\/\/consensodebrasilia.org\/en\/wp-json\/wp\/v2\/posts\/1417\/revisions\/1418"}],"wp:featuredmedia":[{"embeddable":true,"href":"https:\/\/consensodebrasilia.org\/en\/wp-json\/wp\/v2\/media\/1396"}],"wp:attachment":[{"href":"https:\/\/consensodebrasilia.org\/en\/wp-json\/wp\/v2\/media?parent=1417"}],"wp:term":[{"taxonomy":"category","embeddable":true,"href":"https:\/\/consensodebrasilia.org\/en\/wp-json\/wp\/v2\/categories?post=1417"},{"taxonomy":"post_tag","embeddable":true,"href":"https:\/\/consensodebrasilia.org\/en\/wp-json\/wp\/v2\/tags?post=1417"}],"curies":[{"name":"wp","href":"https:\/\/api.w.org\/{rel}","templated":true}]}}