{"id":1421,"date":"2026-09-03T02:27:29","date_gmt":"2026-09-03T02:27:29","guid":{"rendered":"https:\/\/consensodebrasilia.org\/?p=1421"},"modified":"2026-09-03T02:27:29","modified_gmt":"2026-09-03T02:27:29","slug":"consenso-de-brasilia-se-lanzo-en-uruguay-el-observatorio-de-infraestructura","status":"publish","type":"post","link":"https:\/\/consensodebrasilia.org\/en\/consenso-de-brasilia-se-lanzo-en-uruguay-el-observatorio-de-infraestructura\/","title":{"rendered":"Consenso de Brasilia: se lanz\u00f3 en Uruguay el Observatorio de Infraestructura"},"content":{"rendered":"<p>En el marco del II Encuentro de Alto Nivel de la Red de Infraestructura y Transporte del Consenso de Brasilia, celebrada en Montevideo, el 18 de marzo de 2026, se realiz\u00f3 el lanzamiento oficial del Observatorio de Infraestructura de Am\u00e9rica del Sur concebido como una herramienta clave para el desarrollo colectivo. La presentaci\u00f3n estuvo a cargo de autoridades del Ministerio de Relaciones Exteriores de Uruguay y consultores del BID.<\/p>\n<p>Al referirse a esta iniciativa, la ministra de Transporte y Obras P\u00fablicas de Uruguay, Luc\u00eda Etcheverry, destac\u00f3 su alcance estrat\u00e9gico: el Observatorio no es solo un espacio de intercambio de informaci\u00f3n; es un instrumento que nos permitir\u00e1 anticiparnos, planificar mejor y tomar decisiones conjuntas para \u201cmejorar nuestras posibilidades de comercio exterior, de crecimiento de la econom\u00eda y sobre todo, de darle mejores condiciones de vida a toda nuestra gente\u201d.<\/p>\n<p>Asimismo, la jerarca afirm\u00f3 que \u201clos pa\u00edses ya no pueden pensarse \u00fanicamente dentro de sus fronteras en t\u00e9rminos de infraestructura y log\u00edstica, sino que tenemos que avanzar en esa integraci\u00f3n de fronteras que no tienen que dividir, sino que unir\u201d.<\/p>\n<p>Durante la jornada, se desarroll\u00f3 tambi\u00e9n un panel sobre corredores log\u00edsticos, donde se analiz\u00f3 el Corredor Bioce\u00e1nico de Capricornio como caso emblem\u00e1tico de integraci\u00f3n f\u00edsica entre pa\u00edses, y otro dedicado al financiamiento de proyectos de infraestructura regional, con la participaci\u00f3n de referentes t\u00e9cnicos de organismos internacionales.<\/p>\n<p>Adem\u00e1s, las delegaciones trabajaron en la validaci\u00f3n del plan de trabajo 2026 correspondiente a la segunda fase del Observatorio, en una mesa redonda que favoreci\u00f3 el intercambio entre los pa\u00edses miembros.<\/p>","protected":false},"excerpt":{"rendered":"<p>En el marco del II Encuentro de Alto Nivel de la Red de Infraestructura y Transporte del Consenso de Brasilia, celebrada en Montevideo, el 18 de marzo de 2026, se realiz\u00f3 el lanzamiento oficial del Observatorio de Infraestructura de Am\u00e9rica del Sur concebido como una herramienta clave para el desarrollo colectivo. La presentaci\u00f3n estuvo a [&hellip;]<\/p>\n","protected":false},"author":1,"featured_media":1394,"comment_status":"open","ping_status":"open","sticky":false,"template":"","format":"standard","meta":{"footnotes":""},"categories":[14],"tags":[],"class_list":["post-1421","post","type-post","status-publish","format-standard","has-post-thumbnail","hentry","category-noticias"],"_links":{"self":[{"href":"https:\/\/consensodebrasilia.org\/en\/wp-json\/wp\/v2\/posts\/1421","targetHints":{"allow":["GET"]}}],"collection":[{"href":"https:\/\/consensodebrasilia.org\/en\/wp-json\/wp\/v2\/posts"}],"about":[{"href":"https:\/\/consensodebrasilia.org\/en\/wp-json\/wp\/v2\/types\/post"}],"author":[{"embeddable":true,"href":"https:\/\/consensodebrasilia.org\/en\/wp-json\/wp\/v2\/users\/1"}],"replies":[{"embeddable":true,"href":"https:\/\/consensodebrasilia.org\/en\/wp-json\/wp\/v2\/comments?post=1421"}],"version-history":[{"count":1,"href":"https:\/\/consensodebrasilia.org\/en\/wp-json\/wp\/v2\/posts\/1421\/revisions"}],"predecessor-version":[{"id":1422,"href":"https:\/\/consensodebrasilia.org\/en\/wp-json\/wp\/v2\/posts\/1421\/revisions\/1422"}],"wp:featuredmedia":[{"embeddable":true,"href":"https:\/\/consensodebrasilia.org\/en\/wp-json\/wp\/v2\/media\/1394"}],"wp:attachment":[{"href":"https:\/\/consensodebrasilia.org\/en\/wp-json\/wp\/v2\/media?parent=1421"}],"wp:term":[{"taxonomy":"category","embeddable":true,"href":"https:\/\/consensodebrasilia.org\/en\/wp-json\/wp\/v2\/categories?post=1421"},{"taxonomy":"post_tag","embeddable":true,"href":"https:\/\/consensodebrasilia.org\/en\/wp-json\/wp\/v2\/tags?post=1421"}],"curies":[{"name":"wp","href":"https:\/\/api.w.org\/{rel}","templated":true}]}}