{"id":1423,"date":"2026-09-03T02:28:15","date_gmt":"2026-09-03T02:28:15","guid":{"rendered":"https:\/\/consensodebrasilia.org\/?p=1423"},"modified":"2026-09-03T02:28:15","modified_gmt":"2026-09-03T02:28:15","slug":"la-celebracion-de-los-tres-anos-del-consenso-de-brasilia","status":"publish","type":"post","link":"https:\/\/consensodebrasilia.org\/en\/la-celebracion-de-los-tres-anos-del-consenso-de-brasilia\/","title":{"rendered":"La celebraci\u00f3n de los tres a\u00f1os del Consenso de Brasilia"},"content":{"rendered":"<p>El 3 de junio de 2026, a pocos d\u00edas de cumplidos los tres a\u00f1os del lanzamiento del Consenso de Brasilia -el mecanismo de concertaci\u00f3n, cooperaci\u00f3n e integraci\u00f3n que re\u00fane a los doce pa\u00edses de Am\u00e9rica del Sur, adoptado el 30 de mayo de 2023-, la presidencia rotativa a cargo de Uruguay celebr\u00f3 el aniversario.<\/p>\n<p>En ocasi\u00f3n de la reuni\u00f3n en Montevideo de los Coordinadores Nacionales de la Comunidad de Estados Latinoamericanos y Caribe\u00f1os (CELAC), de la que Uruguay ejerce su presidencia pro tempore 2026-2027, el Ministerio de Relaciones Exteriores organiz\u00f3, en la sede de CAF \u2013 Banco de Desarrollo de Am\u00e9rica Latina y el Caribe, un evento para celebrar la fecha y presentar un avance de los trabajos de la presidencia rotativa uruguaya del Consenso.<\/p>\n<p>La misma se inici\u00f3 con una intervenci\u00f3n del embajador Mart\u00edn Vidal, director de Asuntos Pol\u00edticos del Ministerio de Relaciones Exteriores, quien dio la bienvenida a los asistentes y present\u00f3 una s\u00edntesis de los avances de la presidencia rotativa de Uruguay. Le sigui\u00f3 la presentaci\u00f3n de un video, especialmente producido para la ocasi\u00f3n, sobre los tres a\u00f1os del Consenso de Brasilia.<\/p>\n<p>Finalmente intervinieron, Mario Lubetkin, ministro de Relaciones Exteriores del Uruguay, y Sergio D\u00edaz\u2013Granados, presidente ejecutivo de CAF, que abordaron la importancia y desaf\u00edos que supone la integraci\u00f3n regional sudamericana y destacando, ambos expositores, las posibilidades que brinda para para ello, por su naturaleza pragm\u00e1tica y flexible, el Consenso de Brasilia.<\/p>\n<p>Mientras tanto, tambi\u00e9n en Brasilia, se celebraron los tres a\u00f1os del Consenso, con una actividad cultural titulada \u201cGracias a la Vida \u2013 \u201cCantos da Am\u00e9rica do Sul\u201d, un encuentro de voces, ritmos y emociones que reuni\u00f3 a las Embajadas de los pa\u00edses del Consenso en Brasilia con m\u00fasicas de loa diferentes pa\u00edses.<\/p>\n<p>En la ocasi\u00f3n, el embajador de Uruguay en Brasil, Rodolfo Nin Novoa, expres\u00f3 que \u201cal igual que los pa\u00edses de la regi\u00f3n, las notas, los arreglos y la m\u00fasica que escucharemos hoy tienen sus propias caracter\u00edsticas, sus propias especificidades, su propio brillo y fuerza. Pero juntos, combinados, tienen el potencial de tener un mayor impacto, de ser m\u00e1s contundentes y de contribuir a fortalecer a\u00fan m\u00e1s la voz de nuestra regi\u00f3n en el mundo. (&#8230;) Y este evento tambi\u00e9n tiene la importancia, como mencion\u00f3 el presidente del Clube do Choro, de aportar una dimensi\u00f3n fundamental a esta agenda: la Cultura. No podemos tener integraci\u00f3n sin Cultura, sin intercambio entre nuestros pueblos\u201d.<\/p>","protected":false},"excerpt":{"rendered":"<p>El 3 de junio de 2026, a pocos d\u00edas de cumplidos los tres a\u00f1os del lanzamiento del Consenso de Brasilia -el mecanismo de concertaci\u00f3n, cooperaci\u00f3n e integraci\u00f3n que re\u00fane a los doce pa\u00edses de Am\u00e9rica del Sur, adoptado el 30 de mayo de 2023-, la presidencia rotativa a cargo de Uruguay celebr\u00f3 el aniversario. En [&hellip;]<\/p>\n","protected":false},"author":1,"featured_media":1393,"comment_status":"open","ping_status":"open","sticky":false,"template":"","format":"standard","meta":{"footnotes":""},"categories":[14],"tags":[],"class_list":["post-1423","post","type-post","status-publish","format-standard","has-post-thumbnail","hentry","category-noticias"],"_links":{"self":[{"href":"https:\/\/consensodebrasilia.org\/en\/wp-json\/wp\/v2\/posts\/1423","targetHints":{"allow":["GET"]}}],"collection":[{"href":"https:\/\/consensodebrasilia.org\/en\/wp-json\/wp\/v2\/posts"}],"about":[{"href":"https:\/\/consensodebrasilia.org\/en\/wp-json\/wp\/v2\/types\/post"}],"author":[{"embeddable":true,"href":"https:\/\/consensodebrasilia.org\/en\/wp-json\/wp\/v2\/users\/1"}],"replies":[{"embeddable":true,"href":"https:\/\/consensodebrasilia.org\/en\/wp-json\/wp\/v2\/comments?post=1423"}],"version-history":[{"count":1,"href":"https:\/\/consensodebrasilia.org\/en\/wp-json\/wp\/v2\/posts\/1423\/revisions"}],"predecessor-version":[{"id":1424,"href":"https:\/\/consensodebrasilia.org\/en\/wp-json\/wp\/v2\/posts\/1423\/revisions\/1424"}],"wp:featuredmedia":[{"embeddable":true,"href":"https:\/\/consensodebrasilia.org\/en\/wp-json\/wp\/v2\/media\/1393"}],"wp:attachment":[{"href":"https:\/\/consensodebrasilia.org\/en\/wp-json\/wp\/v2\/media?parent=1423"}],"wp:term":[{"taxonomy":"category","embeddable":true,"href":"https:\/\/consensodebrasilia.org\/en\/wp-json\/wp\/v2\/categories?post=1423"},{"taxonomy":"post_tag","embeddable":true,"href":"https:\/\/consensodebrasilia.org\/en\/wp-json\/wp\/v2\/tags?post=1423"}],"curies":[{"name":"wp","href":"https:\/\/api.w.org\/{rel}","templated":true}]}}