{"id":1429,"date":"2026-09-03T02:30:19","date_gmt":"2026-09-03T02:30:19","guid":{"rendered":"https:\/\/consensodebrasilia.org\/?p=1429"},"modified":"2026-09-03T02:30:19","modified_gmt":"2026-09-03T02:30:19","slug":"conversatorio-sobre-integracion-productiva-en-el-marco-del-consenso-de-brasilia","status":"publish","type":"post","link":"https:\/\/consensodebrasilia.org\/en\/conversatorio-sobre-integracion-productiva-en-el-marco-del-consenso-de-brasilia\/","title":{"rendered":"Conversatorio sobre Integraci\u00f3n Productiva en el marco del Consenso de Brasilia"},"content":{"rendered":"<p>Bajo la presidencia rotativa de Uruguay tuvo lugar un conversatorio sobre Integraci\u00f3n Productiva en el marco del Consenso de Brasilia. Organizado por el Ministerio de Industria, Energ\u00eda y Miner\u00eda (MIEM) de Uruguay, el evento busc\u00f3 retomar e instalar en la din\u00e1mica de la integraci\u00f3n sudamericana la importancia de contar con una pol\u00edtica industrial, entendida como un conjunto coherente de pol\u00edticas de desarrollo productivo.<\/p>\n<p>En un contexto de elevada incertidumbre en la econom\u00eda global que afecta los flujos de inversi\u00f3n y las cadenas globales de valor, se est\u00e1n modificando los paradigmas productivos, los mercados laborales y la geograf\u00eda de la producci\u00f3n. En este escenario se consolida un conjunto de mega tendencias, entre las que se destacan la relocalizaci\u00f3n y regionalizaci\u00f3n de las manufacturas y la reconfiguraci\u00f3n de los servicios globales.<\/p>\n<p>En particular las oportunidades de Am\u00e9rica Latina est\u00e1n desafiadas por los persistentes bajos niveles de crecimiento econ\u00f3mico, acompa\u00f1ados de alta desigualdad y la debilidad institucional que la Comisi\u00f3n Econ\u00f3mica para Am\u00e9rica Latina (CEPAL) ha identificado como las trampas del desarrollo. Superarlas requiere estrategias que impulsen la productividad, fortalezcan las capacidades estatales y promuevan una inserci\u00f3n internacional m\u00e1s din\u00e1mica.<\/p>\n<p>En tal marco, el Consenso de Brasilia reconoce la importancia de promover la integraci\u00f3n productiva sudamericana con cadenas regionales de valor sumando inversiones en infraestructura industrial, tecnol\u00f3gica y cient\u00edfica, en energ\u00eda, comunicaciones, log\u00edstica y movilidad, as\u00ed como desarrollando capacidades en diferentes \u00e1mbitos y niveles productivos.<\/p>\n<p>Por ello, el evento organizado por el MIEM de Uruguay, y celebrado en las instalaciones del CEFIR en Montevideo el 16 de junio de 2026, al tiempo de retomar lo avanzado en el Eje Tem\u00e1tico de Integraci\u00f3n Productiva por las anteriores presidencias rotativas del Consenso, se centr\u00f3 en las oportunidades y desaf\u00edos que suponen las cadenas de valor para el desarrollo sudamericano.<\/p>\n<p>A tales efectos, la convocatoria del MIEM reuni\u00f3, de forma presencial y virtual, a los Puntos Focales del Eje Integraci\u00f3n Productiva de los doce pa\u00edses del Consenso de Brasilia, y a un destacado n\u00famero de diplom\u00e1ticos, t\u00e9cnicos gubernamentales y representantes de organismos regionales (ALADI, CEFIR, CEPAL), bancos de desarrollo (BID y CAF \u2013 banco de Desarrollo de Am\u00e9rica Latina y el Caribe), sector privado, academia y actores sociales.<\/p>\n<p>La agenda de la reuni\u00f3n incluy\u00f3 una visi\u00f3n regional de la integraci\u00f3n productiva; la revisi\u00f3n de una serie de experiencias, entre las que se destac\u00f3 la del Parque Tecnol\u00f3gico Norte (PTRN) \/ Parque Tecnol\u00f3gico Binacional Sant\u2019Ana do Livramento (PATES); el aporte de los actores sociales a trav\u00e9s de la Uni\u00f3n Industrial Paraguaya (UIP), del proyecto \u201cPa\u00eds Industrial\u201d por la C\u00e1mara de Industrias del Uruguay (CIU) y el Instituto Cuesta Duarte (ICUDU-PIT-CNT), y de la Red Brasile\u00f1a para la Integraci\u00f3n de los Pueblos (REBRIP); as\u00ed como la experiencia de Colombia sobre el Subsistema Nacional de Calidad, en cuanto modelo de articulaci\u00f3n institucional a nivel nacional.<\/p>\n<p>El conversatorio sirvi\u00f3 para reafirmar que, si Am\u00e9rica Latina y el Caribe como regi\u00f3n quiere escapar de la trampa de su baja capacidad para crecer, deber\u00e1 escalar y mejorar sus pol\u00edticas de desarrollo productivo. Y, si bien buena parte de los avances de la regi\u00f3n depender\u00e1 de lo que los pa\u00edses y sus territorios hagan, o dejen de hacer, hay oportunidades para aprovechar sinergias con esfuerzos a nivel regional, como ser, a trav\u00e9s de agendas regionales de desarrollo productivo sectoriales y el intercambio de buenas y malas pr\u00e1cticas al respecto.<\/p>\n<p>Para ello es posible que est\u00e9 haciendo falta un arreglo de gobernanza para trabajar esta agenda a nivel regional; as\u00ed como se valora necesario escalar y mejorar estas pol\u00edticas para lograr avances concretos en materia de integraci\u00f3n productiva regional. S\u00f3lo en la medida en que veamos profundas agendas de desarrollo productivo en nuestra regi\u00f3n, veremos mover la aguja de la productividad y, de esa manera, el bienestar de nuestra gente, que es de lo que se trata toda la discusi\u00f3n sobre integraci\u00f3n productiva.<\/p>\n<p>En s\u00edntesis, el conversatorio organizado por el MIEM permiti\u00f3 identificar una serie de \u00e1reas, oportunidades y acciones a emprender para impulsar la integraci\u00f3n productiva como factor de desarrollo para Am\u00e9rica del Sur en el marco del Consenso de Brasilia. Queda por delante la elaboraci\u00f3n de una hoja de ruta para el seguimiento y profundizaci\u00f3n de los esfuerzos a desarrollar en la materia en las siguientes presidencias rotativas del Consenso, a cargo, desde el pr\u00f3ximo mes de julio, de la Rep\u00fablica del Per\u00fa.<\/p>","protected":false},"excerpt":{"rendered":"<p>Bajo la presidencia rotativa de Uruguay tuvo lugar un conversatorio sobre Integraci\u00f3n Productiva en el marco del Consenso de Brasilia. Organizado por el Ministerio de Industria, Energ\u00eda y Miner\u00eda (MIEM) de Uruguay, el evento busc\u00f3 retomar e instalar en la din\u00e1mica de la integraci\u00f3n sudamericana la importancia de contar con una pol\u00edtica industrial, entendida como [&hellip;]<\/p>\n","protected":false},"author":1,"featured_media":1402,"comment_status":"open","ping_status":"open","sticky":false,"template":"","format":"standard","meta":{"footnotes":""},"categories":[14],"tags":[],"class_list":["post-1429","post","type-post","status-publish","format-standard","has-post-thumbnail","hentry","category-noticias"],"_links":{"self":[{"href":"https:\/\/consensodebrasilia.org\/en\/wp-json\/wp\/v2\/posts\/1429","targetHints":{"allow":["GET"]}}],"collection":[{"href":"https:\/\/consensodebrasilia.org\/en\/wp-json\/wp\/v2\/posts"}],"about":[{"href":"https:\/\/consensodebrasilia.org\/en\/wp-json\/wp\/v2\/types\/post"}],"author":[{"embeddable":true,"href":"https:\/\/consensodebrasilia.org\/en\/wp-json\/wp\/v2\/users\/1"}],"replies":[{"embeddable":true,"href":"https:\/\/consensodebrasilia.org\/en\/wp-json\/wp\/v2\/comments?post=1429"}],"version-history":[{"count":1,"href":"https:\/\/consensodebrasilia.org\/en\/wp-json\/wp\/v2\/posts\/1429\/revisions"}],"predecessor-version":[{"id":1430,"href":"https:\/\/consensodebrasilia.org\/en\/wp-json\/wp\/v2\/posts\/1429\/revisions\/1430"}],"wp:featuredmedia":[{"embeddable":true,"href":"https:\/\/consensodebrasilia.org\/en\/wp-json\/wp\/v2\/media\/1402"}],"wp:attachment":[{"href":"https:\/\/consensodebrasilia.org\/en\/wp-json\/wp\/v2\/media?parent=1429"}],"wp:term":[{"taxonomy":"category","embeddable":true,"href":"https:\/\/consensodebrasilia.org\/en\/wp-json\/wp\/v2\/categories?post=1429"},{"taxonomy":"post_tag","embeddable":true,"href":"https:\/\/consensodebrasilia.org\/en\/wp-json\/wp\/v2\/tags?post=1429"}],"curies":[{"name":"wp","href":"https:\/\/api.w.org\/{rel}","templated":true}]}}