{"id":1413,"date":"2026-09-03T02:24:47","date_gmt":"2026-09-03T02:24:47","guid":{"rendered":"https:\/\/consensodebrasilia.org\/?p=1413"},"modified":"2026-09-03T02:24:47","modified_gmt":"2026-09-03T02:24:47","slug":"2da-reunion-de-los-coordinadores-nacionales-del-consenso-de-brasilia-durante-la-presidencia-rotativa-de-uruguay","status":"publish","type":"post","link":"https:\/\/consensodebrasilia.org\/pt\/2da-reunion-de-los-coordinadores-nacionales-del-consenso-de-brasilia-durante-la-presidencia-rotativa-de-uruguay\/","title":{"rendered":"2da Reuni\u00f3n de los Coordinadores Nacionales del Consenso de Brasilia durante la presidencia rotativa de Uruguay"},"content":{"rendered":"<p>En el marco del ejercicio de la presidencia del Consenso de Brasilia, Uruguay encabez\u00f3, el 4 de diciembre de 2026, la reuni\u00f3n de Coordinadores Nacionales, una instancia t\u00e9cnica y pol\u00edtica de alto nivel que funciona dentro de este mecanismo de di\u00e1logo regional que agrupa a los 12 pa\u00edses de Am\u00e9rica del Sur.<\/p>\n<p>En la ocasi\u00f3n, se analizaron los avances registrados en los ejes de infraestructura y transporte, conectividad digital, gesti\u00f3n del riesgo de desastres, educaci\u00f3n y cultura, energ\u00eda y salud. Adem\u00e1s, est\u00e1 previsto reactivar los ejes de seguridad p\u00fablica, integraci\u00f3n productiva, e integraci\u00f3n transfronteriza y defensa.<\/p>\n<p>Los pa\u00edses tambi\u00e9n avanzan en la creaci\u00f3n del Observatorio de Infraestructura de Am\u00e9rica del Sur, la elaboraci\u00f3n de un acuerdo de integraci\u00f3n del transporte a\u00e9reo y otro sobre ingreso, permanencia y egreso en la educaci\u00f3n superior. Adem\u00e1s, se procura un protocolo regional de asistencia mutua para la gesti\u00f3n de desastres.<\/p>\n<p>El Ministerio de Relaciones Exteriores inform\u00f3 en su sitio web que los coordinadores valoraron la modalidad de trabajo impulsada por la presidencia uruguaya, que promueve la articulaci\u00f3n entre el \u00e1mbito intergubernamental y diversas organizaciones regionales vinculadas a los ejes tem\u00e1ticos del Consenso de Brasilia.<\/p>\n<p>La pr\u00f3xima reuni\u00f3n de coordinadores est\u00e1 prevista el 17 de diciembre, cuando definir\u00e1n las prioridades para el primer semestre de 2026. Uruguay asumi\u00f3 la presidencia de este mecanismo en agosto de 2025 y en el segundo semestre del a\u00f1o pr\u00f3ximo, la traspasar\u00e1 a la Rep\u00fablica del Per\u00fa.<\/p>","protected":false},"excerpt":{"rendered":"<p>En el marco del ejercicio de la presidencia del Consenso de Brasilia, Uruguay encabez\u00f3, el 4 de diciembre de 2026, la reuni\u00f3n de Coordinadores Nacionales, una instancia t\u00e9cnica y pol\u00edtica de alto nivel que funciona dentro de este mecanismo de di\u00e1logo regional que agrupa a los 12 pa\u00edses de Am\u00e9rica del Sur. En la ocasi\u00f3n, [&hellip;]<\/p>\n","protected":false},"author":1,"featured_media":1398,"comment_status":"open","ping_status":"open","sticky":false,"template":"","format":"standard","meta":{"footnotes":""},"categories":[14],"tags":[],"class_list":["post-1413","post","type-post","status-publish","format-standard","has-post-thumbnail","hentry","category-noticias"],"_links":{"self":[{"href":"https:\/\/consensodebrasilia.org\/pt\/wp-json\/wp\/v2\/posts\/1413","targetHints":{"allow":["GET"]}}],"collection":[{"href":"https:\/\/consensodebrasilia.org\/pt\/wp-json\/wp\/v2\/posts"}],"about":[{"href":"https:\/\/consensodebrasilia.org\/pt\/wp-json\/wp\/v2\/types\/post"}],"author":[{"embeddable":true,"href":"https:\/\/consensodebrasilia.org\/pt\/wp-json\/wp\/v2\/users\/1"}],"replies":[{"embeddable":true,"href":"https:\/\/consensodebrasilia.org\/pt\/wp-json\/wp\/v2\/comments?post=1413"}],"version-history":[{"count":1,"href":"https:\/\/consensodebrasilia.org\/pt\/wp-json\/wp\/v2\/posts\/1413\/revisions"}],"predecessor-version":[{"id":1414,"href":"https:\/\/consensodebrasilia.org\/pt\/wp-json\/wp\/v2\/posts\/1413\/revisions\/1414"}],"wp:featuredmedia":[{"embeddable":true,"href":"https:\/\/consensodebrasilia.org\/pt\/wp-json\/wp\/v2\/media\/1398"}],"wp:attachment":[{"href":"https:\/\/consensodebrasilia.org\/pt\/wp-json\/wp\/v2\/media?parent=1413"}],"wp:term":[{"taxonomy":"category","embeddable":true,"href":"https:\/\/consensodebrasilia.org\/pt\/wp-json\/wp\/v2\/categories?post=1413"},{"taxonomy":"post_tag","embeddable":true,"href":"https:\/\/consensodebrasilia.org\/pt\/wp-json\/wp\/v2\/tags?post=1413"}],"curies":[{"name":"wp","href":"https:\/\/api.w.org\/{rel}","templated":true}]}}