{"id":1419,"date":"2026-09-03T02:26:52","date_gmt":"2026-09-03T02:26:52","guid":{"rendered":"https:\/\/consensodebrasilia.org\/?p=1419"},"modified":"2026-09-03T02:26:52","modified_gmt":"2026-09-03T02:26:52","slug":"ii-encuentro-de-alto-nivel-de-la-red-de-infraestructura-y-transporte-del-consenso-de-brasilia","status":"publish","type":"post","link":"https:\/\/consensodebrasilia.org\/pt\/ii-encuentro-de-alto-nivel-de-la-red-de-infraestructura-y-transporte-del-consenso-de-brasilia\/","title":{"rendered":"II Encuentro de Alto Nivel de la Red de Infraestructura y Transporte del Consenso de Brasilia"},"content":{"rendered":"<p>El 17 y 18 de marzo de 2026 se reunieron en Montevideo las Altas Autoridades de la Red de Infraestructura y Transporte del Consenso de Brasilia, que constituy\u00f3 el segundo encuentro de esta naturaleza, despu\u00e9s del ocurrido en diciembre de 2024 en Bogot\u00e1.<\/p>\n<p>El evento reuni\u00f3 a ministros y altas autoridades de los 12 pa\u00edses sudamericanos en la sede del Ministerio de Transporte y Obras P\u00fablicas (MTOP), consolidando a Uruguay como un actor clave en la agenda de integraci\u00f3n regional.<\/p>\n<p>Esta instancia es vista como una \u201capuesta a la integraci\u00f3n efectiva y real de Am\u00e9rica Latina en un mundo convulsionado\u201d, expres\u00f3 la ministra de Transporte y Obras P\u00fablicas, Luc\u00eda Etcheverry, durante la apertura del encuentro. En ese sentido, sostuvo que las diferencias y los desaf\u00edos geogr\u00e1ficos de la regi\u00f3n deben asumirse como oportunidades para impulsar la integraci\u00f3n, el crecimiento y el desarrollo de los pa\u00edses.<\/p>\n<p>La apertura cont\u00f3 con la participaci\u00f3n del canciller Mario Lubetkin, junto a representantes de organismos internacionales como el Banco Interamericano de Desarrollo (BID), CAF y FONPLATA, lo que reafirm\u00f3 el car\u00e1cter multilateral del encuentro. En esa instancia, Lubetkin afirm\u00f3 que el Consenso de Brasilia expresa una renovada visi\u00f3n de la integraci\u00f3n regional orientada a dar respuesta a desaf\u00edos comunes, entre ellos la mejora de la conectividad f\u00edsica entre las naciones, enfrentar los desastres naturales, combatir el hambre y la desigualdad.<\/p>\n<p>Bajo la presidencia rotativa del Uruguay, los funcionarios y t\u00e9cnicos all\u00ed reunidos fueron testigos del lanzamiento oficial de la plataforma digital del Observatorio de Infraestructura de Am\u00e9rica del Sur. Las autoridades manifestaron asimismo su apoyo a la implementaci\u00f3n del Plan de Trabajo 2026, de la segunda fase del Observatorio de Infraestructura, y reafirmaron el compromiso de los gobiernos de contribuir con informaci\u00f3n y recursos humanos y t\u00e9cnicos necesarios para garantizar su funcionamiento.<\/p>\n<p>En ese mismo sentido, se reafirm\u00f3 el compromiso de los 12 pa\u00edses miembros de promover la interacci\u00f3n entre el Observatorio de Infraestructura y otros mecanismos de informaci\u00f3n regionales, potenciando sinergias y evitando duplicar esfuerzos.<\/p>\n<p>En otro plano, se defini\u00f3 referirse a los intercambios del Grupo de Trabajo de Transporte A\u00e9reo del Consenso de Brasilia para definir lineamientos estrat\u00e9gicos y ejes de acci\u00f3n para fortalecer la conectividad regional, estableciendo las bases t\u00e9cnicas y normativas que permitan avanzar hacia un espacio regional integrado, bajo el concepto de \u201cCielo \u00danico Sudamericano\u201d.<\/p>\n<p>Por \u00faltimo, se encomend\u00f3 a la Presidencia Pro Tempore de la Red de Infraestructura y Transporte del Consenso de Brasilia adoptar las medidas conducentes al seguimiento de los entendimientos alcanzados en esta Declaraci\u00f3n de Montevideo y convocar oportunamente al III Encuentro de Altas Autoridades.<\/p>","protected":false},"excerpt":{"rendered":"<p>El 17 y 18 de marzo de 2026 se reunieron en Montevideo las Altas Autoridades de la Red de Infraestructura y Transporte del Consenso de Brasilia, que constituy\u00f3 el segundo encuentro de esta naturaleza, despu\u00e9s del ocurrido en diciembre de 2024 en Bogot\u00e1. El evento reuni\u00f3 a ministros y altas autoridades de los 12 pa\u00edses [&hellip;]<\/p>\n","protected":false},"author":1,"featured_media":1395,"comment_status":"open","ping_status":"open","sticky":false,"template":"","format":"standard","meta":{"footnotes":""},"categories":[14],"tags":[],"class_list":["post-1419","post","type-post","status-publish","format-standard","has-post-thumbnail","hentry","category-noticias"],"_links":{"self":[{"href":"https:\/\/consensodebrasilia.org\/pt\/wp-json\/wp\/v2\/posts\/1419","targetHints":{"allow":["GET"]}}],"collection":[{"href":"https:\/\/consensodebrasilia.org\/pt\/wp-json\/wp\/v2\/posts"}],"about":[{"href":"https:\/\/consensodebrasilia.org\/pt\/wp-json\/wp\/v2\/types\/post"}],"author":[{"embeddable":true,"href":"https:\/\/consensodebrasilia.org\/pt\/wp-json\/wp\/v2\/users\/1"}],"replies":[{"embeddable":true,"href":"https:\/\/consensodebrasilia.org\/pt\/wp-json\/wp\/v2\/comments?post=1419"}],"version-history":[{"count":1,"href":"https:\/\/consensodebrasilia.org\/pt\/wp-json\/wp\/v2\/posts\/1419\/revisions"}],"predecessor-version":[{"id":1420,"href":"https:\/\/consensodebrasilia.org\/pt\/wp-json\/wp\/v2\/posts\/1419\/revisions\/1420"}],"wp:featuredmedia":[{"embeddable":true,"href":"https:\/\/consensodebrasilia.org\/pt\/wp-json\/wp\/v2\/media\/1395"}],"wp:attachment":[{"href":"https:\/\/consensodebrasilia.org\/pt\/wp-json\/wp\/v2\/media?parent=1419"}],"wp:term":[{"taxonomy":"category","embeddable":true,"href":"https:\/\/consensodebrasilia.org\/pt\/wp-json\/wp\/v2\/categories?post=1419"},{"taxonomy":"post_tag","embeddable":true,"href":"https:\/\/consensodebrasilia.org\/pt\/wp-json\/wp\/v2\/tags?post=1419"}],"curies":[{"name":"wp","href":"https:\/\/api.w.org\/{rel}","templated":true}]}}