{"id":1425,"date":"2026-09-03T02:29:02","date_gmt":"2026-09-03T02:29:02","guid":{"rendered":"https:\/\/consensodebrasilia.org\/?p=1425"},"modified":"2026-09-03T02:29:02","modified_gmt":"2026-09-03T02:29:02","slug":"gestion-de-riesgo-de-desastres-iv-reunion-de-altas-autoridades-del-consenso-de-brasilia","status":"publish","type":"post","link":"https:\/\/consensodebrasilia.org\/pt\/gestion-de-riesgo-de-desastres-iv-reunion-de-altas-autoridades-del-consenso-de-brasilia\/","title":{"rendered":"Gesti\u00f3n de Riesgo de Desastres: IV Reuni\u00f3n de Altas Autoridades del Consenso de Brasilia"},"content":{"rendered":"<p>Montevideo fue sede, los d\u00edas 4 y 5 de junio, de la IV Reuni\u00f3n de Altas Autoridades en Gesti\u00f3n de Riesgo de Desastres del Consenso de Brasilia, un encuentro que reuni\u00f3 a representantes de Argentina, Brasil, Chile, Colombia, Ecuador, Paraguay, Per\u00fa y Uruguay para avanzar en una agenda regional orientada a fortalecer la cooperaci\u00f3n y las capacidades de respuesta frente a emergencias y desastres.<\/p>\n<p>La reuni\u00f3n marc\u00f3 adem\u00e1s el cierre de la presidencia rotativa de Uruguay en este \u00e1mbito, ejercida desde setiembre de 2025. Durante ese per\u00edodo, la coordinaci\u00f3n del Grupo de Gesti\u00f3n de Riesgo de Desastres estuvo a cargo del director de la Direcci\u00f3n Nacional de Emergencias (Sinae), Leandro Palomeque, quien impuls\u00f3 una agenda de trabajo centrada en la construcci\u00f3n de herramientas concretas para la cooperaci\u00f3n regional.<\/p>\n<p>Durante la primera jornada se desarrollaron las reuniones t\u00e9cnicas de los tres subgrupos de trabajo que integran el mecanismo:<\/p>\n<p>Mapa Sudamericano de Riesgos, coliderado por Colombia y Ecuador.<\/p>\n<p>Mecanismo de Asistencia Mutua, coliderado por Brasil y Chile.<\/p>\n<p>Marco de Cooperaci\u00f3n para Capacidades de Mitigaci\u00f3n y Preparaci\u00f3n, coliderado por Argentina y Per\u00fa.<\/p>\n<p>Los equipos t\u00e9cnicos analizaron los principales riesgos que enfrenta la regi\u00f3n, evaluaron mecanismos para facilitar la asistencia entre pa\u00edses ante situaciones de emergencia y trabajaron en propuestas para fortalecer la formaci\u00f3n y el desarrollo de capacidades en materia de prevenci\u00f3n, mitigaci\u00f3n y preparaci\u00f3n.<\/p>\n<p>En la segunda jornada, las Altas Autoridades recibieron los informes de avance de cada subgrupo, junto con recomendaciones para la continuidad del trabajo y propuestas presentadas por el Banco de Desarrollo de Am\u00e9rica Latina y el Caribe (CAF) para contribuir a la implementaci\u00f3n de las iniciativas acordadas.<\/p>\n<p>Uno de los principales resultados del encuentro fue la consolidaci\u00f3n de una hoja de ruta orientada a profundizar la coordinaci\u00f3n regional en materia de gesti\u00f3n integral del riesgo de desastres, promoviendo instrumentos comunes que permitan mejorar la prevenci\u00f3n, optimizar los mecanismos de asistencia mutua y fortalecer las capacidades institucionales de los pa\u00edses sudamericanos.<\/p>\n<p>Con la finalizaci\u00f3n de la reuni\u00f3n, Uruguay concluy\u00f3 su presidencia rotativa del Grupo de Gesti\u00f3n de Riesgo de Desastres, funci\u00f3n que ser\u00e1 asumida por Per\u00fa, garantizando la continuidad de los trabajos impulsados en el marco del Consenso de Brasilia.<\/p>","protected":false},"excerpt":{"rendered":"<p>Montevideo fue sede, los d\u00edas 4 y 5 de junio, de la IV Reuni\u00f3n de Altas Autoridades en Gesti\u00f3n de Riesgo de Desastres del Consenso de Brasilia, un encuentro que reuni\u00f3 a representantes de Argentina, Brasil, Chile, Colombia, Ecuador, Paraguay, Per\u00fa y Uruguay para avanzar en una agenda regional orientada a fortalecer la cooperaci\u00f3n y [&hellip;]<\/p>\n","protected":false},"author":1,"featured_media":1392,"comment_status":"open","ping_status":"open","sticky":false,"template":"","format":"standard","meta":{"footnotes":""},"categories":[14],"tags":[],"class_list":["post-1425","post","type-post","status-publish","format-standard","has-post-thumbnail","hentry","category-noticias"],"_links":{"self":[{"href":"https:\/\/consensodebrasilia.org\/pt\/wp-json\/wp\/v2\/posts\/1425","targetHints":{"allow":["GET"]}}],"collection":[{"href":"https:\/\/consensodebrasilia.org\/pt\/wp-json\/wp\/v2\/posts"}],"about":[{"href":"https:\/\/consensodebrasilia.org\/pt\/wp-json\/wp\/v2\/types\/post"}],"author":[{"embeddable":true,"href":"https:\/\/consensodebrasilia.org\/pt\/wp-json\/wp\/v2\/users\/1"}],"replies":[{"embeddable":true,"href":"https:\/\/consensodebrasilia.org\/pt\/wp-json\/wp\/v2\/comments?post=1425"}],"version-history":[{"count":1,"href":"https:\/\/consensodebrasilia.org\/pt\/wp-json\/wp\/v2\/posts\/1425\/revisions"}],"predecessor-version":[{"id":1426,"href":"https:\/\/consensodebrasilia.org\/pt\/wp-json\/wp\/v2\/posts\/1425\/revisions\/1426"}],"wp:featuredmedia":[{"embeddable":true,"href":"https:\/\/consensodebrasilia.org\/pt\/wp-json\/wp\/v2\/media\/1392"}],"wp:attachment":[{"href":"https:\/\/consensodebrasilia.org\/pt\/wp-json\/wp\/v2\/media?parent=1425"}],"wp:term":[{"taxonomy":"category","embeddable":true,"href":"https:\/\/consensodebrasilia.org\/pt\/wp-json\/wp\/v2\/categories?post=1425"},{"taxonomy":"post_tag","embeddable":true,"href":"https:\/\/consensodebrasilia.org\/pt\/wp-json\/wp\/v2\/tags?post=1425"}],"curies":[{"name":"wp","href":"https:\/\/api.w.org\/{rel}","templated":true}]}}