{"id":1427,"date":"2026-09-03T02:29:35","date_gmt":"2026-09-03T02:29:35","guid":{"rendered":"https:\/\/consensodebrasilia.org\/?p=1427"},"modified":"2026-09-03T02:29:35","modified_gmt":"2026-09-03T02:29:35","slug":"4ta-reunion-de-los-coordinadores-nacionales-del-consenso-de-brasilia-durante-la-presidencia-rotativa-de-uruguay","status":"publish","type":"post","link":"https:\/\/consensodebrasilia.org\/pt\/4ta-reunion-de-los-coordinadores-nacionales-del-consenso-de-brasilia-durante-la-presidencia-rotativa-de-uruguay\/","title":{"rendered":"4ta. Reuni\u00f3n de los Coordinadores Nacionales del Consenso de Brasilia durante la presidencia rotativa de Uruguay"},"content":{"rendered":"<p>El 12 de junio de 2026 tuvo lugar, de manera virtual, una nueva reuni\u00f3n de los Coordinadores Nacionales del Consenso de Brasilia. En la reuni\u00f3n, el embajador Mart\u00edn Vidal, Coordinador Nacional de Uruguay, pa\u00eds que ejerce la presidencia rotativa del Consenso, present\u00f3 un avance de informe de actividades al resto de los Coordinadores Nacionales; repas\u00f3 las actividades a llevarse a cabo hasta el t\u00e9rmino del mandato; y plante\u00f3 dos cuestiones t\u00e9cnicas que demandan posicionamiento pol\u00edtico de las autoridades nacionales de los pa\u00edses.<\/p>\n<p>En cuanto al informe de actividades, el embajador Vidal se\u00f1al\u00f3 que la presidencia rotativa de Uruguay ha dado continuidad a los trabajos de las anteriores presidencias, introduciendo algunas novedades con un enfoque t\u00e9cnico, flexible y pragm\u00e1tico de su gesti\u00f3n. Luego de un repaso de las principales actividades realizadas y logros alcanzados, Vidal plante\u00f3 dos temas que requieren posicionamiento de los gobiernos, uno referido a los trabajos en curso sobre un futuro acuerdo regional en materia de integraci\u00f3n a\u00e9rea (\u201cCielos Abiertos de Am\u00e9rica del Sur\u201d); y otro sobre el repositorio de proyectos de infraestructura a ser priorizados por el Consenso para su posible financiamiento.<\/p>\n<p>Finalmente, se abord\u00f3 el pr\u00f3ximo traspaso de la presidencia rotativa a la Rep\u00fablica del Per\u00fa, con el prop\u00f3sito de avanzar en el di\u00e1logo con las autoridades peruanas, facilitar la transici\u00f3n, compartir lecciones aprendidas, brindar un estado de situaci\u00f3n\/avance de los trabajos de los distintos Ejes Tem\u00e1ticos que comprende la Hoja de Ruta del Consenso, y acordar la fecha de un evento pol\u00edtico de alto nivel que permita visibilizar el traspaso de la presidencia.<\/p>","protected":false},"excerpt":{"rendered":"<p>El 12 de junio de 2026 tuvo lugar, de manera virtual, una nueva reuni\u00f3n de los Coordinadores Nacionales del Consenso de Brasilia. En la reuni\u00f3n, el embajador Mart\u00edn Vidal, Coordinador Nacional de Uruguay, pa\u00eds que ejerce la presidencia rotativa del Consenso, present\u00f3 un avance de informe de actividades al resto de los Coordinadores Nacionales; repas\u00f3 [&hellip;]<\/p>\n","protected":false},"author":1,"featured_media":1391,"comment_status":"open","ping_status":"open","sticky":false,"template":"","format":"standard","meta":{"footnotes":""},"categories":[14],"tags":[],"class_list":["post-1427","post","type-post","status-publish","format-standard","has-post-thumbnail","hentry","category-noticias"],"_links":{"self":[{"href":"https:\/\/consensodebrasilia.org\/pt\/wp-json\/wp\/v2\/posts\/1427","targetHints":{"allow":["GET"]}}],"collection":[{"href":"https:\/\/consensodebrasilia.org\/pt\/wp-json\/wp\/v2\/posts"}],"about":[{"href":"https:\/\/consensodebrasilia.org\/pt\/wp-json\/wp\/v2\/types\/post"}],"author":[{"embeddable":true,"href":"https:\/\/consensodebrasilia.org\/pt\/wp-json\/wp\/v2\/users\/1"}],"replies":[{"embeddable":true,"href":"https:\/\/consensodebrasilia.org\/pt\/wp-json\/wp\/v2\/comments?post=1427"}],"version-history":[{"count":1,"href":"https:\/\/consensodebrasilia.org\/pt\/wp-json\/wp\/v2\/posts\/1427\/revisions"}],"predecessor-version":[{"id":1428,"href":"https:\/\/consensodebrasilia.org\/pt\/wp-json\/wp\/v2\/posts\/1427\/revisions\/1428"}],"wp:featuredmedia":[{"embeddable":true,"href":"https:\/\/consensodebrasilia.org\/pt\/wp-json\/wp\/v2\/media\/1391"}],"wp:attachment":[{"href":"https:\/\/consensodebrasilia.org\/pt\/wp-json\/wp\/v2\/media?parent=1427"}],"wp:term":[{"taxonomy":"category","embeddable":true,"href":"https:\/\/consensodebrasilia.org\/pt\/wp-json\/wp\/v2\/categories?post=1427"},{"taxonomy":"post_tag","embeddable":true,"href":"https:\/\/consensodebrasilia.org\/pt\/wp-json\/wp\/v2\/tags?post=1427"}],"curies":[{"name":"wp","href":"https:\/\/api.w.org\/{rel}","templated":true}]}}